{"id":3205,"date":"2026-09-01T13:05:06","date_gmt":"2026-09-01T13:05:06","guid":{"rendered":"https:\/\/escolaemp.com.br\/emp\/?p=3205"},"modified":"2026-09-01T13:05:07","modified_gmt":"2026-09-01T13:05:07","slug":"master-class-segunda-voz-backing-vocals","status":"publish","type":"post","link":"https:\/\/escolaemp.com.br\/emp\/2026\/09\/01\/master-class-segunda-voz-backing-vocals\/","title":{"rendered":"MASTER CLASS \u2013 SEGUNDA VOZ (BACKING VOCALS)"},"content":{"rendered":"\n<p>Voc\u00ea j\u00e1 se perguntou por que algumas apresenta\u00e7\u00f5es vocais soam mais ricas, equilibradas e envolventes?<\/p>\n\n\n\n<p>A segunda voz \u00e9 um dos recursos mais importantes da m\u00fasica e pode transformar completamente uma interpreta\u00e7\u00e3o.<\/p>\n\n\n\n<p>Nesta master class, voc\u00ea aprender\u00e1 conceitos, t\u00e9cnicas e aplica\u00e7\u00f5es pr\u00e1ticas que poder\u00e3o ser utilizadas em diferentes estilos musicais.<\/p>\n\n\n\n<p>\ud83c\udfb6 Destinada a cantores e instrumentistas.<\/p>\n\n\n\n<p>\u2705 N\u00e3o exige nenhum pr\u00e9-requisito.<\/p>\n\n\n\n<p>\ud83d\udc68\u200d\ud83c\udfeb Professores: Arnon Filho e Caio Machado<\/p>\n\n\n\n<p>\ud83d\udcc5 22 de setembro<\/p>\n\n\n\n<p>\ud83d\udd57 20h15<\/p>\n\n\n\n<p>\ud83d\udcb0 Investimento:<br>\u2022 Alunos EMP: R$ 30,00<br>\u2022 P\u00fablico externo: R$ 50,00<\/p>\n\n\n\n<p>\ud83d\udccd Vagas limitadas.<\/p>\n\n\n\n<p>\ud83d\udcf2 <strong>Inscri\u00e7\u00f5es:<\/strong> Na secretaria da EMP ou pelo <strong>(31) 99361-9719<\/strong>.<\/p>\n\n\n\n<figure class=\"wp-block-image size-large\"><img decoding=\"async\" loading=\"lazy\" width=\"683\" height=\"1024\" src=\"https:\/\/escolaemp.com.br\/emp\/wp-content\/uploads\/2026\/09\/Master-class-segunda-voz-2026-683x1024.jpg\" alt=\"\" class=\"wp-image-3206\" srcset=\"https:\/\/escolaemp.com.br\/emp\/wp-content\/uploads\/2026\/09\/Master-class-segunda-voz-2026-683x1024.jpg 683w, https:\/\/escolaemp.com.br\/emp\/wp-content\/uploads\/2026\/09\/Master-class-segunda-voz-2026-200x300.jpg 200w, https:\/\/escolaemp.com.br\/emp\/wp-content\/uploads\/2026\/09\/Master-class-segunda-voz-2026-768x1152.jpg 768w, https:\/\/escolaemp.com.br\/emp\/wp-content\/uploads\/2026\/09\/Master-class-segunda-voz-2026-97x146.jpg 97w, https:\/\/escolaemp.com.br\/emp\/wp-content\/uploads\/2026\/09\/Master-class-segunda-voz-2026-33x50.jpg 33w, https:\/\/escolaemp.com.br\/emp\/wp-content\/uploads\/2026\/09\/Master-class-segunda-voz-2026-50x75.jpg 50w, https:\/\/escolaemp.com.br\/emp\/wp-content\/uploads\/2026\/09\/Master-class-segunda-voz-2026.jpg 1024w\" sizes=\"(max-width: 683px) 100vw, 683px\" \/><\/figure>\n","protected":false},"excerpt":{"rendered":"<p>Voc\u00ea j\u00e1 se perguntou por que algumas apresenta\u00e7\u00f5es vocais soam mais ricas, equilibradas e envolventes? A segunda voz \u00e9 um dos recursos mais importantes da m\u00fasica<span class=\"excerpt-hellip\"> [\u2026]<\/span><\/p>\n","protected":false},"author":1,"featured_media":3206,"comment_status":"open","ping_status":"open","sticky":false,"template":"","format":"standard","meta":[],"categories":[45,35],"tags":[],"_links":{"self":[{"href":"https:\/\/escolaemp.com.br\/emp\/wp-json\/wp\/v2\/posts\/3205"}],"collection":[{"href":"https:\/\/escolaemp.com.br\/emp\/wp-json\/wp\/v2\/posts"}],"about":[{"href":"https:\/\/escolaemp.com.br\/emp\/wp-json\/wp\/v2\/types\/post"}],"author":[{"embeddable":true,"href":"https:\/\/escolaemp.com.br\/emp\/wp-json\/wp\/v2\/users\/1"}],"replies":[{"embeddable":true,"href":"https:\/\/escolaemp.com.br\/emp\/wp-json\/wp\/v2\/comments?post=3205"}],"version-history":[{"count":1,"href":"https:\/\/escolaemp.com.br\/emp\/wp-json\/wp\/v2\/posts\/3205\/revisions"}],"predecessor-version":[{"id":3207,"href":"https:\/\/escolaemp.com.br\/emp\/wp-json\/wp\/v2\/posts\/3205\/revisions\/3207"}],"wp:featuredmedia":[{"embeddable":true,"href":"https:\/\/escolaemp.com.br\/emp\/wp-json\/wp\/v2\/media\/3206"}],"wp:attachment":[{"href":"https:\/\/escolaemp.com.br\/emp\/wp-json\/wp\/v2\/media?parent=3205"}],"wp:term":[{"taxonomy":"category","embeddable":true,"href":"https:\/\/escolaemp.com.br\/emp\/wp-json\/wp\/v2\/categories?post=3205"},{"taxonomy":"post_tag","embeddable":true,"href":"https:\/\/escolaemp.com.br\/emp\/wp-json\/wp\/v2\/tags?post=3205"}],"curies":[{"name":"wp","href":"https:\/\/api.w.org\/{rel}","templated":true}]}}