{"id":3104,"date":"2026-03-12T11:54:28","date_gmt":"2026-03-12T11:54:28","guid":{"rendered":"https:\/\/escolaemp.com.br\/emp\/?p=3104"},"modified":"2026-03-12T11:54:29","modified_gmt":"2026-03-12T11:54:29","slug":"roda-de-samba-com-prof-guilherme","status":"publish","type":"post","link":"https:\/\/escolaemp.com.br\/emp\/2026\/03\/12\/roda-de-samba-com-prof-guilherme\/","title":{"rendered":"Roda de Samba com prof. Guilherme"},"content":{"rendered":"\n<p>Vem celebrar a m\u00fasica com a gente! No dia\u00a0<strong>13 de mar\u00e7o<\/strong>, \u00e0s\u00a0<strong>17h<\/strong>, a pra\u00e7a da\u00a0<strong>EMP Escola de M\u00fasica<\/strong>\u00a0vai ser tomada pelo som contagiante do samba! \ud83e\ude95<\/p>\n\n\n\n<p>O evento contar\u00e1 com a participa\u00e7\u00e3o especial do\u00a0<strong>Prof. Guilherme<\/strong> <strong>Resende<\/strong>, acompanhado de\u00a0<strong>alunos e convidados<\/strong>\u00a0em uma roda de samba cheia de energia, talento e alegria! \ud83d\udc9a\ud83d\udc9b<\/p>\n\n\n\n<p>\ud83d\udccd&nbsp;<strong>Local<\/strong>: Pra\u00e7a da EMP Escola de M\u00fasica<br>\u2705&nbsp;<strong>Entrada gratuita<\/strong><br>\ud83d\udcdd&nbsp;<strong>Inscri\u00e7\u00f5es<\/strong>: <a href=\"https:\/\/api.whatsapp.com\/send?phone=5531993619719&amp;text=Ol\u00e1%20meu%20nome%20\u00e9:%20\" data-type=\"URL\" data-id=\"https:\/\/api.whatsapp.com\/send?phone=5531993619719&amp;text=Ol\u00e1%20meu%20nome%20\u00e9:%20\">na secretaria da escola<\/a><\/p>\n\n\n\n<p>Chame os amigos, traga sua fam\u00edlia e venha curtir esse fim de tarde especial! \u2728<\/p>\n\n\n\n<figure class=\"wp-block-image size-large\"><img decoding=\"async\" loading=\"lazy\" width=\"1024\" height=\"1024\" src=\"https:\/\/escolaemp.com.br\/emp\/wp-content\/uploads\/2026\/03\/roda-de-samba-cartaz-1024x1024.jpg\" alt=\"\" class=\"wp-image-3105\" srcset=\"https:\/\/escolaemp.com.br\/emp\/wp-content\/uploads\/2026\/03\/roda-de-samba-cartaz-1024x1024.jpg 1024w, https:\/\/escolaemp.com.br\/emp\/wp-content\/uploads\/2026\/03\/roda-de-samba-cartaz-300x300.jpg 300w, https:\/\/escolaemp.com.br\/emp\/wp-content\/uploads\/2026\/03\/roda-de-samba-cartaz-150x150.jpg 150w, https:\/\/escolaemp.com.br\/emp\/wp-content\/uploads\/2026\/03\/roda-de-samba-cartaz-768x768.jpg 768w, https:\/\/escolaemp.com.br\/emp\/wp-content\/uploads\/2026\/03\/roda-de-samba-cartaz-146x146.jpg 146w, https:\/\/escolaemp.com.br\/emp\/wp-content\/uploads\/2026\/03\/roda-de-samba-cartaz-50x50.jpg 50w, https:\/\/escolaemp.com.br\/emp\/wp-content\/uploads\/2026\/03\/roda-de-samba-cartaz-75x75.jpg 75w, https:\/\/escolaemp.com.br\/emp\/wp-content\/uploads\/2026\/03\/roda-de-samba-cartaz-85x85.jpg 85w, https:\/\/escolaemp.com.br\/emp\/wp-content\/uploads\/2026\/03\/roda-de-samba-cartaz-80x80.jpg 80w, https:\/\/escolaemp.com.br\/emp\/wp-content\/uploads\/2026\/03\/roda-de-samba-cartaz.jpg 1080w\" sizes=\"(max-width: 1024px) 100vw, 1024px\" \/><\/figure>\n\n\n\n<p><br><\/p>\n","protected":false},"excerpt":{"rendered":"<p>Vem celebrar a m\u00fasica com a gente! No dia\u00a013 de mar\u00e7o, \u00e0s\u00a017h, a pra\u00e7a da\u00a0EMP Escola de M\u00fasica\u00a0vai ser tomada pelo som contagiante do samba! \ud83e\ude95<span class=\"excerpt-hellip\"> [\u2026]<\/span><\/p>\n","protected":false},"author":1,"featured_media":3105,"comment_status":"open","ping_status":"open","sticky":false,"template":"","format":"standard","meta":[],"categories":[12,35],"tags":[],"_links":{"self":[{"href":"https:\/\/escolaemp.com.br\/emp\/wp-json\/wp\/v2\/posts\/3104"}],"collection":[{"href":"https:\/\/escolaemp.com.br\/emp\/wp-json\/wp\/v2\/posts"}],"about":[{"href":"https:\/\/escolaemp.com.br\/emp\/wp-json\/wp\/v2\/types\/post"}],"author":[{"embeddable":true,"href":"https:\/\/escolaemp.com.br\/emp\/wp-json\/wp\/v2\/users\/1"}],"replies":[{"embeddable":true,"href":"https:\/\/escolaemp.com.br\/emp\/wp-json\/wp\/v2\/comments?post=3104"}],"version-history":[{"count":1,"href":"https:\/\/escolaemp.com.br\/emp\/wp-json\/wp\/v2\/posts\/3104\/revisions"}],"predecessor-version":[{"id":3106,"href":"https:\/\/escolaemp.com.br\/emp\/wp-json\/wp\/v2\/posts\/3104\/revisions\/3106"}],"wp:featuredmedia":[{"embeddable":true,"href":"https:\/\/escolaemp.com.br\/emp\/wp-json\/wp\/v2\/media\/3105"}],"wp:attachment":[{"href":"https:\/\/escolaemp.com.br\/emp\/wp-json\/wp\/v2\/media?parent=3104"}],"wp:term":[{"taxonomy":"category","embeddable":true,"href":"https:\/\/escolaemp.com.br\/emp\/wp-json\/wp\/v2\/categories?post=3104"},{"taxonomy":"post_tag","embeddable":true,"href":"https:\/\/escolaemp.com.br\/emp\/wp-json\/wp\/v2\/tags?post=3104"}],"curies":[{"name":"wp","href":"https:\/\/api.w.org\/{rel}","templated":true}]}}