{"id":2988,"date":"2025-11-25T17:17:27","date_gmt":"2025-11-25T17:17:27","guid":{"rendered":"https:\/\/escolaemp.com.br\/emp\/?p=2988"},"modified":"2025-12-19T19:41:42","modified_gmt":"2025-12-19T19:41:42","slug":"festival-de-fim-de-ano-da-emp-2","status":"publish","type":"post","link":"https:\/\/escolaemp.com.br\/emp\/2025\/11\/25\/festival-de-fim-de-ano-da-emp-2\/","title":{"rendered":"Festival de fim de ano da EMP"},"content":{"rendered":"\n<p>No dia <strong>08\/12<\/strong> acontecer\u00e1 mais um <strong>festival de fim de ano da EMP Escola de M\u00fasica<\/strong>!<\/p>\n\n\n\n<p><br>No palco da casa de shows <strong>Mulligans<\/strong> se apresentar\u00e3o os alunos e professores das disciplinas Pr\u00e1tica em Conjunto Rock Cl\u00e1ssico e Blues , Pr\u00e1tica em Conjunto Nacional, Pr\u00e1tica em Conjunto Internacional, Grupo de estudo Instrumental al\u00e9m de integrantes da nossa Roda de Samba. Teremos tamb\u00e9m participa\u00e7\u00f5es especiais de bandas convidadas e artistas solos. Convidamos voc\u00ea para participar dessa festa incr\u00edvel de revela\u00e7\u00e3o de talentos.<br>E lembre-se que ao aplaudir, voc\u00ea estar\u00e1 reconhecendo n\u00e3o s\u00f3 o talento, mas tamb\u00e9m a disciplina e perseveran\u00e7a dos artistas!<br><br>Ingressos \u00e0 venda na <a href=\"https:\/\/api.whatsapp.com\/send?phone=5531993619719&amp;text=Ol\u00e1%20meu%20nome%20\u00e9:%20\">secretaria da escola<\/a>.<br>Esperamos voc\u00ea l\u00e1!<\/p>\n\n\n\n<figure class=\"wp-block-image size-large\"><img decoding=\"async\" loading=\"lazy\" width=\"724\" height=\"1024\" src=\"https:\/\/escolaemp.com.br\/emp\/wp-content\/uploads\/2025\/11\/Cartaz-A3-festival-724x1024.jpg\" alt=\"\" class=\"wp-image-2989\" srcset=\"https:\/\/escolaemp.com.br\/emp\/wp-content\/uploads\/2025\/11\/Cartaz-A3-festival-724x1024.jpg 724w, https:\/\/escolaemp.com.br\/emp\/wp-content\/uploads\/2025\/11\/Cartaz-A3-festival-212x300.jpg 212w, https:\/\/escolaemp.com.br\/emp\/wp-content\/uploads\/2025\/11\/Cartaz-A3-festival-768x1086.jpg 768w, https:\/\/escolaemp.com.br\/emp\/wp-content\/uploads\/2025\/11\/Cartaz-A3-festival-1086x1536.jpg 1086w, https:\/\/escolaemp.com.br\/emp\/wp-content\/uploads\/2025\/11\/Cartaz-A3-festival-103x146.jpg 103w, https:\/\/escolaemp.com.br\/emp\/wp-content\/uploads\/2025\/11\/Cartaz-A3-festival-35x50.jpg 35w, https:\/\/escolaemp.com.br\/emp\/wp-content\/uploads\/2025\/11\/Cartaz-A3-festival-53x75.jpg 53w, https:\/\/escolaemp.com.br\/emp\/wp-content\/uploads\/2025\/11\/Cartaz-A3-festival.jpg 1414w\" sizes=\"(max-width: 724px) 100vw, 724px\" \/><\/figure>\n\n\n\n<figure class=\"wp-block-image size-large\"><img decoding=\"async\" loading=\"lazy\" width=\"724\" height=\"1024\" src=\"https:\/\/escolaemp.com.br\/emp\/wp-content\/uploads\/2025\/11\/Banner-cronograma-do-festival-724x1024.jpg\" alt=\"\" class=\"wp-image-2990\" srcset=\"https:\/\/escolaemp.com.br\/emp\/wp-content\/uploads\/2025\/11\/Banner-cronograma-do-festival-724x1024.jpg 724w, https:\/\/escolaemp.com.br\/emp\/wp-content\/uploads\/2025\/11\/Banner-cronograma-do-festival-212x300.jpg 212w, https:\/\/escolaemp.com.br\/emp\/wp-content\/uploads\/2025\/11\/Banner-cronograma-do-festival-768x1086.jpg 768w, https:\/\/escolaemp.com.br\/emp\/wp-content\/uploads\/2025\/11\/Banner-cronograma-do-festival-1086x1536.jpg 1086w, https:\/\/escolaemp.com.br\/emp\/wp-content\/uploads\/2025\/11\/Banner-cronograma-do-festival-103x146.jpg 103w, https:\/\/escolaemp.com.br\/emp\/wp-content\/uploads\/2025\/11\/Banner-cronograma-do-festival-35x50.jpg 35w, https:\/\/escolaemp.com.br\/emp\/wp-content\/uploads\/2025\/11\/Banner-cronograma-do-festival-53x75.jpg 53w, https:\/\/escolaemp.com.br\/emp\/wp-content\/uploads\/2025\/11\/Banner-cronograma-do-festival.jpg 1414w\" sizes=\"(max-width: 724px) 100vw, 724px\" \/><\/figure>\n\n\n\n<p><\/p>\n","protected":false},"excerpt":{"rendered":"<p>No dia 08\/12 acontecer\u00e1 mais um festival de fim de ano da EMP Escola de M\u00fasica! No palco da casa de shows Mulligans se apresentar\u00e3o os<span class=\"excerpt-hellip\"> [\u2026]<\/span><\/p>\n","protected":false},"author":1,"featured_media":2989,"comment_status":"open","ping_status":"open","sticky":false,"template":"","format":"standard","meta":[],"categories":[12,35],"tags":[],"_links":{"self":[{"href":"https:\/\/escolaemp.com.br\/emp\/wp-json\/wp\/v2\/posts\/2988"}],"collection":[{"href":"https:\/\/escolaemp.com.br\/emp\/wp-json\/wp\/v2\/posts"}],"about":[{"href":"https:\/\/escolaemp.com.br\/emp\/wp-json\/wp\/v2\/types\/post"}],"author":[{"embeddable":true,"href":"https:\/\/escolaemp.com.br\/emp\/wp-json\/wp\/v2\/users\/1"}],"replies":[{"embeddable":true,"href":"https:\/\/escolaemp.com.br\/emp\/wp-json\/wp\/v2\/comments?post=2988"}],"version-history":[{"count":2,"href":"https:\/\/escolaemp.com.br\/emp\/wp-json\/wp\/v2\/posts\/2988\/revisions"}],"predecessor-version":[{"id":2992,"href":"https:\/\/escolaemp.com.br\/emp\/wp-json\/wp\/v2\/posts\/2988\/revisions\/2992"}],"wp:featuredmedia":[{"embeddable":true,"href":"https:\/\/escolaemp.com.br\/emp\/wp-json\/wp\/v2\/media\/2989"}],"wp:attachment":[{"href":"https:\/\/escolaemp.com.br\/emp\/wp-json\/wp\/v2\/media?parent=2988"}],"wp:term":[{"taxonomy":"category","embeddable":true,"href":"https:\/\/escolaemp.com.br\/emp\/wp-json\/wp\/v2\/categories?post=2988"},{"taxonomy":"post_tag","embeddable":true,"href":"https:\/\/escolaemp.com.br\/emp\/wp-json\/wp\/v2\/tags?post=2988"}],"curies":[{"name":"wp","href":"https:\/\/api.w.org\/{rel}","templated":true}]}}